{"id":2823,"date":"2024-11-18T12:24:33","date_gmt":"2024-11-18T09:24:33","guid":{"rendered":"https:\/\/mmassemblyline.de\/?p=2823"},"modified":"2024-11-18T12:24:34","modified_gmt":"2024-11-18T09:24:34","slug":"faltmarkise-in-koeln","status":"publish","type":"post","link":"https:\/\/mmassemblyline.de\/en\/faltmarkise-in-koeln\/","title":{"rendered":"Faltmarkise in K\u00f6ln"},"content":{"rendered":"<p>Faltmarkise in K\u00f6ln<\/p>\n\n\n\n<p>Folding awnings have many uses, such as private and commercial applications. They are easy to install and have great resistance to all weather conditions. Furthermore, they are a complete shading system with parapet, windproof, electrically powered with Somfy motor.<\/p>\n\n\n\n<p>The mm Assembly line is always at your disposal! Do not hesitate to contact us with any questions or suggestions. We are happy to help you!<\/p>","protected":false},"excerpt":{"rendered":"<p>Faltmarkise in K\u00f6ln Faltmarkisen haben viele Verwendungsm\u00f6glichkeiten, wie z. B. private und gewerbliche Anwendungen. Sie sind einfach zu installieren und haben eine gro\u00dfe Best\u00e4ndigkeit bei allen Wetterbedingungen. Weiterhin sind sie ein komplettes Beschattungssystem mit Br\u00fcstung, windfest, elektrisch angetrieben mit Somfy-Motor. Die mm Assembly line steht Ihnen jederzeit zur Verf\u00fcgung! Z\u00f6gern Sie nicht, uns f\u00fcr Fragen [&hellip;]<\/p>","protected":false},"author":1,"featured_media":2824,"comment_status":"closed","ping_status":"open","sticky":false,"template":"","format":"standard","meta":{"footnotes":""},"categories":[1],"tags":[],"class_list":["post-2823","post","type-post","status-publish","format-standard","has-post-thumbnail","hentry","category-nachrichten"],"yoast_head":"<!-- This site is optimized with the Yoast SEO plugin v23.8 - https:\/\/yoast.com\/wordpress\/plugins\/seo\/ -->\n<title>Faltmarkise in K\u00f6ln - Lamellend\u00e4cher &amp; Terrassen\u00fcberdachungen | MMAssemblyLine<\/title>\n<meta name=\"robots\" content=\"index, follow, max-snippet:-1, max-image-preview:large, max-video-preview:-1\" \/>\n<link rel=\"canonical\" href=\"https:\/\/mmassemblyline.de\/en\/faltmarkise-in-koeln\/\" \/>\n<meta property=\"og:locale\" content=\"en_US\" \/>\n<meta property=\"og:type\" content=\"article\" \/>\n<meta property=\"og:title\" content=\"Faltmarkise in K\u00f6ln - Lamellend\u00e4cher &amp; Terrassen\u00fcberdachungen | MMAssemblyLine\" \/>\n<meta property=\"og:description\" content=\"Faltmarkise in K\u00f6ln Faltmarkisen haben viele Verwendungsm\u00f6glichkeiten, wie z. B. private und gewerbliche Anwendungen. Sie sind einfach zu installieren und haben eine gro\u00dfe Best\u00e4ndigkeit bei allen Wetterbedingungen. Weiterhin sind sie ein komplettes Beschattungssystem mit Br\u00fcstung, windfest, elektrisch angetrieben mit Somfy-Motor. Die mm Assembly line steht Ihnen jederzeit zur Verf\u00fcgung! Z\u00f6gern Sie nicht, uns f\u00fcr Fragen [&hellip;]\" \/>\n<meta property=\"og:url\" content=\"https:\/\/mmassemblyline.de\/en\/faltmarkise-in-koeln\/\" \/>\n<meta property=\"og:site_name\" content=\"Lamellend\u00e4cher &amp; Terrassen\u00fcberdachungen | MMAssemblyLine\" \/>\n<meta property=\"article:publisher\" content=\"https:\/\/www.facebook.com\/mmaluminiumsystems\/\" \/>\n<meta property=\"article:published_time\" content=\"2024-11-18T09:24:33+00:00\" \/>\n<meta property=\"article:modified_time\" content=\"2024-11-18T09:24:34+00:00\" \/>\n<meta property=\"og:image\" content=\"https:\/\/mmassemblyline.de\/wp-content\/uploads\/2024\/11\/MM-Faltmarkise--scaled.jpg\" \/>\n\t<meta property=\"og:image:width\" content=\"2560\" \/>\n\t<meta property=\"og:image:height\" content=\"1525\" \/>\n\t<meta property=\"og:image:type\" content=\"image\/jpeg\" \/>\n<meta name=\"author\" content=\"admin\" \/>\n<meta name=\"twitter:card\" content=\"summary_large_image\" \/>\n<meta name=\"twitter:label1\" content=\"Written by\" \/>\n\t<meta name=\"twitter:data1\" content=\"admin\" \/>\n\t<meta name=\"twitter:label2\" content=\"Est. reading time\" \/>\n\t<meta name=\"twitter:data2\" content=\"1 minute\" \/>\n<script type=\"application\/ld+json\" class=\"yoast-schema-graph\">{\"@context\":\"https:\/\/schema.org\",\"@graph\":[{\"@type\":\"Article\",\"@id\":\"https:\/\/mmassemblyline.de\/faltmarkise-in-koeln\/#article\",\"isPartOf\":{\"@id\":\"https:\/\/mmassemblyline.de\/faltmarkise-in-koeln\/\"},\"author\":{\"name\":\"admin\",\"@id\":\"https:\/\/mmassemblyline.de\/#\/schema\/person\/df5fa635cb0fca3f2dda9717079c4930\"},\"headline\":\"Faltmarkise in K\u00f6ln\",\"datePublished\":\"2024-11-18T09:24:33+00:00\",\"dateModified\":\"2024-11-18T09:24:34+00:00\",\"mainEntityOfPage\":{\"@id\":\"https:\/\/mmassemblyline.de\/faltmarkise-in-koeln\/\"},\"wordCount\":79,\"publisher\":{\"@id\":\"https:\/\/mmassemblyline.de\/#organization\"},\"image\":{\"@id\":\"https:\/\/mmassemblyline.de\/faltmarkise-in-koeln\/#primaryimage\"},\"thumbnailUrl\":\"https:\/\/mmassemblyline.de\/wp-content\/uploads\/2024\/11\/MM-Faltmarkise--scaled.jpg\",\"articleSection\":[\"Nachrichten\"],\"inLanguage\":\"en-US\"},{\"@type\":\"WebPage\",\"@id\":\"https:\/\/mmassemblyline.de\/faltmarkise-in-koeln\/\",\"url\":\"https:\/\/mmassemblyline.de\/faltmarkise-in-koeln\/\",\"name\":\"Faltmarkise in K\u00f6ln - Lamellend\u00e4cher &amp; Terrassen\u00fcberdachungen | MMAssemblyLine\",\"isPartOf\":{\"@id\":\"https:\/\/mmassemblyline.de\/#website\"},\"primaryImageOfPage\":{\"@id\":\"https:\/\/mmassemblyline.de\/faltmarkise-in-koeln\/#primaryimage\"},\"image\":{\"@id\":\"https:\/\/mmassemblyline.de\/faltmarkise-in-koeln\/#primaryimage\"},\"thumbnailUrl\":\"https:\/\/mmassemblyline.de\/wp-content\/uploads\/2024\/11\/MM-Faltmarkise--scaled.jpg\",\"datePublished\":\"2024-11-18T09:24:33+00:00\",\"dateModified\":\"2024-11-18T09:24:34+00:00\",\"breadcrumb\":{\"@id\":\"https:\/\/mmassemblyline.de\/faltmarkise-in-koeln\/#breadcrumb\"},\"inLanguage\":\"en-US\",\"potentialAction\":[{\"@type\":\"ReadAction\",\"target\":[\"https:\/\/mmassemblyline.de\/faltmarkise-in-koeln\/\"]}]},{\"@type\":\"ImageObject\",\"inLanguage\":\"en-US\",\"@id\":\"https:\/\/mmassemblyline.de\/faltmarkise-in-koeln\/#primaryimage\",\"url\":\"https:\/\/mmassemblyline.de\/wp-content\/uploads\/2024\/11\/MM-Faltmarkise--scaled.jpg\",\"contentUrl\":\"https:\/\/mmassemblyline.de\/wp-content\/uploads\/2024\/11\/MM-Faltmarkise--scaled.jpg\",\"width\":2560,\"height\":1525,\"caption\":\"Pergola Faltdach Faltmarkise\"},{\"@type\":\"BreadcrumbList\",\"@id\":\"https:\/\/mmassemblyline.de\/faltmarkise-in-koeln\/#breadcrumb\",\"itemListElement\":[{\"@type\":\"ListItem\",\"position\":1,\"name\":\"Home\",\"item\":\"https:\/\/mmassemblyline.de\/\"},{\"@type\":\"ListItem\",\"position\":2,\"name\":\"Faltmarkise in K\u00f6ln\"}]},{\"@type\":\"WebSite\",\"@id\":\"https:\/\/mmassemblyline.de\/#website\",\"url\":\"https:\/\/mmassemblyline.de\/\",\"name\":\"Lamellend\u00e4cher & Terrassen\u00fcberdachungen | MMAssemblyLine.de\",\"description\":\"\",\"publisher\":{\"@id\":\"https:\/\/mmassemblyline.de\/#organization\"},\"potentialAction\":[{\"@type\":\"SearchAction\",\"target\":{\"@type\":\"EntryPoint\",\"urlTemplate\":\"https:\/\/mmassemblyline.de\/?s={search_term_string}\"},\"query-input\":{\"@type\":\"PropertyValueSpecification\",\"valueRequired\":true,\"valueName\":\"search_term_string\"}}],\"inLanguage\":\"en-US\"},{\"@type\":\"Organization\",\"@id\":\"https:\/\/mmassemblyline.de\/#organization\",\"name\":\"MMAssemblyLine\",\"url\":\"https:\/\/mmassemblyline.de\/\",\"logo\":{\"@type\":\"ImageObject\",\"inLanguage\":\"en-US\",\"@id\":\"https:\/\/mmassemblyline.de\/#\/schema\/logo\/image\/\",\"url\":\"https:\/\/mmassemblyline.de\/wp-content\/uploads\/2024\/11\/mmaluminiumsystems-logo-new-72-1.jpg\",\"contentUrl\":\"https:\/\/mmassemblyline.de\/wp-content\/uploads\/2024\/11\/mmaluminiumsystems-logo-new-72-1.jpg\",\"width\":500,\"height\":72,\"caption\":\"MMAssemblyLine\"},\"image\":{\"@id\":\"https:\/\/mmassemblyline.de\/#\/schema\/logo\/image\/\"},\"sameAs\":[\"https:\/\/www.facebook.com\/mmaluminiumsystems\/\",\"https:\/\/instagram.com\/mmaluminiumsystems\"]},{\"@type\":\"Person\",\"@id\":\"https:\/\/mmassemblyline.de\/#\/schema\/person\/df5fa635cb0fca3f2dda9717079c4930\",\"name\":\"admin\",\"image\":{\"@type\":\"ImageObject\",\"inLanguage\":\"en-US\",\"@id\":\"https:\/\/mmassemblyline.de\/#\/schema\/person\/image\/\",\"url\":\"https:\/\/secure.gravatar.com\/avatar\/8072b9c976df11ef54a89bde505e5f29?s=96&d=mm&r=g\",\"contentUrl\":\"https:\/\/secure.gravatar.com\/avatar\/8072b9c976df11ef54a89bde505e5f29?s=96&d=mm&r=g\",\"caption\":\"admin\"},\"sameAs\":[\"https:\/\/mmassemblyline.de\"],\"url\":\"https:\/\/mmassemblyline.de\/en\/author\/admin\/\"}]}<\/script>\n<!-- \/ Yoast SEO plugin. -->","yoast_head_json":{"title":"Faltmarkise in K\u00f6ln - Lamellend\u00e4cher &amp; Terrassen\u00fcberdachungen | MMAssemblyLine","robots":{"index":"index","follow":"follow","max-snippet":"max-snippet:-1","max-image-preview":"max-image-preview:large","max-video-preview":"max-video-preview:-1"},"canonical":"https:\/\/mmassemblyline.de\/en\/faltmarkise-in-koeln\/","og_locale":"en_US","og_type":"article","og_title":"Faltmarkise in K\u00f6ln - Lamellend\u00e4cher &amp; Terrassen\u00fcberdachungen | MMAssemblyLine","og_description":"Faltmarkise in K\u00f6ln Faltmarkisen haben viele Verwendungsm\u00f6glichkeiten, wie z. B. private und gewerbliche Anwendungen. Sie sind einfach zu installieren und haben eine gro\u00dfe Best\u00e4ndigkeit bei allen Wetterbedingungen. Weiterhin sind sie ein komplettes Beschattungssystem mit Br\u00fcstung, windfest, elektrisch angetrieben mit Somfy-Motor. Die mm Assembly line steht Ihnen jederzeit zur Verf\u00fcgung! Z\u00f6gern Sie nicht, uns f\u00fcr Fragen [&hellip;]","og_url":"https:\/\/mmassemblyline.de\/en\/faltmarkise-in-koeln\/","og_site_name":"Lamellend\u00e4cher &amp; Terrassen\u00fcberdachungen | MMAssemblyLine","article_publisher":"https:\/\/www.facebook.com\/mmaluminiumsystems\/","article_published_time":"2024-11-18T09:24:33+00:00","article_modified_time":"2024-11-18T09:24:34+00:00","og_image":[{"width":2560,"height":1525,"url":"https:\/\/mmassemblyline.de\/wp-content\/uploads\/2024\/11\/MM-Faltmarkise--scaled.jpg","type":"image\/jpeg"}],"author":"admin","twitter_card":"summary_large_image","twitter_misc":{"Written by":"admin","Est. reading time":"1 minute"},"schema":{"@context":"https:\/\/schema.org","@graph":[{"@type":"Article","@id":"https:\/\/mmassemblyline.de\/faltmarkise-in-koeln\/#article","isPartOf":{"@id":"https:\/\/mmassemblyline.de\/faltmarkise-in-koeln\/"},"author":{"name":"admin","@id":"https:\/\/mmassemblyline.de\/#\/schema\/person\/df5fa635cb0fca3f2dda9717079c4930"},"headline":"Faltmarkise in K\u00f6ln","datePublished":"2024-11-18T09:24:33+00:00","dateModified":"2024-11-18T09:24:34+00:00","mainEntityOfPage":{"@id":"https:\/\/mmassemblyline.de\/faltmarkise-in-koeln\/"},"wordCount":79,"publisher":{"@id":"https:\/\/mmassemblyline.de\/#organization"},"image":{"@id":"https:\/\/mmassemblyline.de\/faltmarkise-in-koeln\/#primaryimage"},"thumbnailUrl":"https:\/\/mmassemblyline.de\/wp-content\/uploads\/2024\/11\/MM-Faltmarkise--scaled.jpg","articleSection":["Nachrichten"],"inLanguage":"en-US"},{"@type":"WebPage","@id":"https:\/\/mmassemblyline.de\/faltmarkise-in-koeln\/","url":"https:\/\/mmassemblyline.de\/faltmarkise-in-koeln\/","name":"Faltmarkise in K\u00f6ln - Lamellend\u00e4cher &amp; Terrassen\u00fcberdachungen | MMAssemblyLine","isPartOf":{"@id":"https:\/\/mmassemblyline.de\/#website"},"primaryImageOfPage":{"@id":"https:\/\/mmassemblyline.de\/faltmarkise-in-koeln\/#primaryimage"},"image":{"@id":"https:\/\/mmassemblyline.de\/faltmarkise-in-koeln\/#primaryimage"},"thumbnailUrl":"https:\/\/mmassemblyline.de\/wp-content\/uploads\/2024\/11\/MM-Faltmarkise--scaled.jpg","datePublished":"2024-11-18T09:24:33+00:00","dateModified":"2024-11-18T09:24:34+00:00","breadcrumb":{"@id":"https:\/\/mmassemblyline.de\/faltmarkise-in-koeln\/#breadcrumb"},"inLanguage":"en-US","potentialAction":[{"@type":"ReadAction","target":["https:\/\/mmassemblyline.de\/faltmarkise-in-koeln\/"]}]},{"@type":"ImageObject","inLanguage":"en-US","@id":"https:\/\/mmassemblyline.de\/faltmarkise-in-koeln\/#primaryimage","url":"https:\/\/mmassemblyline.de\/wp-content\/uploads\/2024\/11\/MM-Faltmarkise--scaled.jpg","contentUrl":"https:\/\/mmassemblyline.de\/wp-content\/uploads\/2024\/11\/MM-Faltmarkise--scaled.jpg","width":2560,"height":1525,"caption":"Pergola Faltdach Faltmarkise"},{"@type":"BreadcrumbList","@id":"https:\/\/mmassemblyline.de\/faltmarkise-in-koeln\/#breadcrumb","itemListElement":[{"@type":"ListItem","position":1,"name":"Home","item":"https:\/\/mmassemblyline.de\/"},{"@type":"ListItem","position":2,"name":"Faltmarkise in K\u00f6ln"}]},{"@type":"WebSite","@id":"https:\/\/mmassemblyline.de\/#website","url":"https:\/\/mmassemblyline.de\/","name":"Lamellend\u00e4cher & Terrassen\u00fcberdachungen | MMAssemblyLine.de","description":"","publisher":{"@id":"https:\/\/mmassemblyline.de\/#organization"},"potentialAction":[{"@type":"SearchAction","target":{"@type":"EntryPoint","urlTemplate":"https:\/\/mmassemblyline.de\/?s={search_term_string}"},"query-input":{"@type":"PropertyValueSpecification","valueRequired":true,"valueName":"search_term_string"}}],"inLanguage":"en-US"},{"@type":"Organization","@id":"https:\/\/mmassemblyline.de\/#organization","name":"MMAssemblyLine","url":"https:\/\/mmassemblyline.de\/","logo":{"@type":"ImageObject","inLanguage":"en-US","@id":"https:\/\/mmassemblyline.de\/#\/schema\/logo\/image\/","url":"https:\/\/mmassemblyline.de\/wp-content\/uploads\/2024\/11\/mmaluminiumsystems-logo-new-72-1.jpg","contentUrl":"https:\/\/mmassemblyline.de\/wp-content\/uploads\/2024\/11\/mmaluminiumsystems-logo-new-72-1.jpg","width":500,"height":72,"caption":"MMAssemblyLine"},"image":{"@id":"https:\/\/mmassemblyline.de\/#\/schema\/logo\/image\/"},"sameAs":["https:\/\/www.facebook.com\/mmaluminiumsystems\/","https:\/\/instagram.com\/mmaluminiumsystems"]},{"@type":"Person","@id":"https:\/\/mmassemblyline.de\/#\/schema\/person\/df5fa635cb0fca3f2dda9717079c4930","name":"admin","image":{"@type":"ImageObject","inLanguage":"en-US","@id":"https:\/\/mmassemblyline.de\/#\/schema\/person\/image\/","url":"https:\/\/secure.gravatar.com\/avatar\/8072b9c976df11ef54a89bde505e5f29?s=96&d=mm&r=g","contentUrl":"https:\/\/secure.gravatar.com\/avatar\/8072b9c976df11ef54a89bde505e5f29?s=96&d=mm&r=g","caption":"admin"},"sameAs":["https:\/\/mmassemblyline.de"],"url":"https:\/\/mmassemblyline.de\/en\/author\/admin\/"}]}},"_links":{"self":[{"href":"https:\/\/mmassemblyline.de\/en\/wp-json\/wp\/v2\/posts\/2823","targetHints":{"allow":["GET"]}}],"collection":[{"href":"https:\/\/mmassemblyline.de\/en\/wp-json\/wp\/v2\/posts"}],"about":[{"href":"https:\/\/mmassemblyline.de\/en\/wp-json\/wp\/v2\/types\/post"}],"author":[{"embeddable":true,"href":"https:\/\/mmassemblyline.de\/en\/wp-json\/wp\/v2\/users\/1"}],"replies":[{"embeddable":true,"href":"https:\/\/mmassemblyline.de\/en\/wp-json\/wp\/v2\/comments?post=2823"}],"version-history":[{"count":1,"href":"https:\/\/mmassemblyline.de\/en\/wp-json\/wp\/v2\/posts\/2823\/revisions"}],"predecessor-version":[{"id":2825,"href":"https:\/\/mmassemblyline.de\/en\/wp-json\/wp\/v2\/posts\/2823\/revisions\/2825"}],"wp:featuredmedia":[{"embeddable":true,"href":"https:\/\/mmassemblyline.de\/en\/wp-json\/wp\/v2\/media\/2824"}],"wp:attachment":[{"href":"https:\/\/mmassemblyline.de\/en\/wp-json\/wp\/v2\/media?parent=2823"}],"wp:term":[{"taxonomy":"category","embeddable":true,"href":"https:\/\/mmassemblyline.de\/en\/wp-json\/wp\/v2\/categories?post=2823"},{"taxonomy":"post_tag","embeddable":true,"href":"https:\/\/mmassemblyline.de\/en\/wp-json\/wp\/v2\/tags?post=2823"}],"curies":[{"name":"wp","href":"https:\/\/api.w.org\/{rel}","templated":true}]}}