{"id":2972,"date":"2025-05-05T11:33:47","date_gmt":"2025-05-05T08:33:47","guid":{"rendered":"https:\/\/mmassemblyline.de\/?p=2972"},"modified":"2025-05-05T11:33:48","modified_gmt":"2025-05-05T08:33:48","slug":"premium-lamellendach-in-frankfurt-am-main","status":"publish","type":"post","link":"https:\/\/mmassemblyline.de\/en\/premium-lamellendach-in-frankfurt-am-main\/","title":{"rendered":"Premium Lamellendach in Frankfurt am Main"},"content":{"rendered":"<p>Ein freistehendes Lamellendach mit 4 Pfosten.<\/p>\n\n\n\n<p>Das Gestell und die Lamellen wurden in RAL 7016 Feinstruktur beschichtet.<\/p>\n\n\n\n<p>LED Beleuchtung im Rahmen.<\/p>\n\n\n\n<p>Die Firma mm Assemblyline steht Ihnen jederzeit zur Verf\u00fcgung! Z\u00f6gern Sie nicht, uns f\u00fcr Fragen oder Anregungen zu kontaktieren.<\/p>\n\n\n\n<p>Wir freuen uns, Ihnen helfen zu k\u00f6nnen!<\/p>","protected":false},"excerpt":{"rendered":"<p>Ein freistehendes Lamellendach mit 4 Pfosten. Das Gestell und die Lamellen wurden in RAL 7016 Feinstruktur beschichtet. LED Beleuchtung im Rahmen. Die Firma mm Assemblyline steht Ihnen jederzeit zur Verf\u00fcgung! Z\u00f6gern Sie nicht, uns f\u00fcr Fragen oder Anregungen zu kontaktieren. Wir freuen uns, Ihnen helfen zu k\u00f6nnen!<\/p>","protected":false},"author":1,"featured_media":2973,"comment_status":"closed","ping_status":"open","sticky":false,"template":"","format":"standard","meta":{"footnotes":""},"categories":[1],"tags":[],"class_list":["post-2972","post","type-post","status-publish","format-standard","has-post-thumbnail","hentry","category-nachrichten"],"yoast_head":"<!-- This site is optimized with the Yoast SEO plugin v23.8 - https:\/\/yoast.com\/wordpress\/plugins\/seo\/ -->\n<title>Premium Lamellendach in Frankfurt am Main - Lamellend\u00e4cher &amp; Terrassen\u00fcberdachungen | MMAssemblyLine<\/title>\n<meta name=\"robots\" content=\"index, follow, max-snippet:-1, max-image-preview:large, max-video-preview:-1\" \/>\n<link rel=\"canonical\" href=\"https:\/\/mmassemblyline.de\/en\/premium-lamellendach-in-frankfurt-am-main\/\" \/>\n<meta property=\"og:locale\" content=\"en_US\" \/>\n<meta property=\"og:type\" content=\"article\" \/>\n<meta property=\"og:title\" content=\"Premium Lamellendach in Frankfurt am Main - Lamellend\u00e4cher &amp; Terrassen\u00fcberdachungen | MMAssemblyLine\" \/>\n<meta property=\"og:description\" content=\"Ein freistehendes Lamellendach mit 4 Pfosten. Das Gestell und die Lamellen wurden in RAL 7016 Feinstruktur beschichtet. LED Beleuchtung im Rahmen. Die Firma mm Assemblyline steht Ihnen jederzeit zur Verf\u00fcgung! Z\u00f6gern Sie nicht, uns f\u00fcr Fragen oder Anregungen zu kontaktieren. Wir freuen uns, Ihnen helfen zu k\u00f6nnen!\" \/>\n<meta property=\"og:url\" content=\"https:\/\/mmassemblyline.de\/en\/premium-lamellendach-in-frankfurt-am-main\/\" \/>\n<meta property=\"og:site_name\" content=\"Lamellend\u00e4cher &amp; Terrassen\u00fcberdachungen | MMAssemblyLine\" \/>\n<meta property=\"article:publisher\" content=\"https:\/\/www.facebook.com\/mmaluminiumsystems\/\" \/>\n<meta property=\"article:published_time\" content=\"2025-05-05T08:33:47+00:00\" \/>\n<meta property=\"article:modified_time\" content=\"2025-05-05T08:33:48+00:00\" \/>\n<meta property=\"og:image\" content=\"https:\/\/mmassemblyline.de\/wp-content\/uploads\/2025\/05\/site-2.jpg\" \/>\n\t<meta property=\"og:image:width\" content=\"2048\" \/>\n\t<meta property=\"og:image:height\" content=\"2048\" \/>\n\t<meta property=\"og:image:type\" content=\"image\/jpeg\" \/>\n<meta name=\"author\" content=\"admin\" \/>\n<meta name=\"twitter:card\" content=\"summary_large_image\" \/>\n<meta name=\"twitter:label1\" content=\"Written by\" \/>\n\t<meta name=\"twitter:data1\" content=\"admin\" \/>\n\t<meta name=\"twitter:label2\" content=\"Est. reading time\" \/>\n\t<meta name=\"twitter:data2\" content=\"1 minute\" \/>\n<script type=\"application\/ld+json\" class=\"yoast-schema-graph\">{\"@context\":\"https:\/\/schema.org\",\"@graph\":[{\"@type\":\"Article\",\"@id\":\"https:\/\/mmassemblyline.de\/premium-lamellendach-in-frankfurt-am-main\/#article\",\"isPartOf\":{\"@id\":\"https:\/\/mmassemblyline.de\/premium-lamellendach-in-frankfurt-am-main\/\"},\"author\":{\"name\":\"admin\",\"@id\":\"https:\/\/mmassemblyline.de\/#\/schema\/person\/df5fa635cb0fca3f2dda9717079c4930\"},\"headline\":\"Premium Lamellendach in Frankfurt am Main\",\"datePublished\":\"2025-05-05T08:33:47+00:00\",\"dateModified\":\"2025-05-05T08:33:48+00:00\",\"mainEntityOfPage\":{\"@id\":\"https:\/\/mmassemblyline.de\/premium-lamellendach-in-frankfurt-am-main\/\"},\"wordCount\":55,\"publisher\":{\"@id\":\"https:\/\/mmassemblyline.de\/#organization\"},\"image\":{\"@id\":\"https:\/\/mmassemblyline.de\/premium-lamellendach-in-frankfurt-am-main\/#primaryimage\"},\"thumbnailUrl\":\"https:\/\/mmassemblyline.de\/wp-content\/uploads\/2025\/05\/site-2.jpg\",\"articleSection\":[\"Nachrichten\"],\"inLanguage\":\"en-US\"},{\"@type\":\"WebPage\",\"@id\":\"https:\/\/mmassemblyline.de\/premium-lamellendach-in-frankfurt-am-main\/\",\"url\":\"https:\/\/mmassemblyline.de\/premium-lamellendach-in-frankfurt-am-main\/\",\"name\":\"Premium Lamellendach in Frankfurt am Main - Lamellend\u00e4cher &amp; Terrassen\u00fcberdachungen | MMAssemblyLine\",\"isPartOf\":{\"@id\":\"https:\/\/mmassemblyline.de\/#website\"},\"primaryImageOfPage\":{\"@id\":\"https:\/\/mmassemblyline.de\/premium-lamellendach-in-frankfurt-am-main\/#primaryimage\"},\"image\":{\"@id\":\"https:\/\/mmassemblyline.de\/premium-lamellendach-in-frankfurt-am-main\/#primaryimage\"},\"thumbnailUrl\":\"https:\/\/mmassemblyline.de\/wp-content\/uploads\/2025\/05\/site-2.jpg\",\"datePublished\":\"2025-05-05T08:33:47+00:00\",\"dateModified\":\"2025-05-05T08:33:48+00:00\",\"breadcrumb\":{\"@id\":\"https:\/\/mmassemblyline.de\/premium-lamellendach-in-frankfurt-am-main\/#breadcrumb\"},\"inLanguage\":\"en-US\",\"potentialAction\":[{\"@type\":\"ReadAction\",\"target\":[\"https:\/\/mmassemblyline.de\/premium-lamellendach-in-frankfurt-am-main\/\"]}]},{\"@type\":\"ImageObject\",\"inLanguage\":\"en-US\",\"@id\":\"https:\/\/mmassemblyline.de\/premium-lamellendach-in-frankfurt-am-main\/#primaryimage\",\"url\":\"https:\/\/mmassemblyline.de\/wp-content\/uploads\/2025\/05\/site-2.jpg\",\"contentUrl\":\"https:\/\/mmassemblyline.de\/wp-content\/uploads\/2025\/05\/site-2.jpg\",\"width\":2048,\"height\":2048,\"caption\":\"Premium!Pergola Pavillon Lamellendach Terrassen\u00fcberdachung Terrassendach\"},{\"@type\":\"BreadcrumbList\",\"@id\":\"https:\/\/mmassemblyline.de\/premium-lamellendach-in-frankfurt-am-main\/#breadcrumb\",\"itemListElement\":[{\"@type\":\"ListItem\",\"position\":1,\"name\":\"Home\",\"item\":\"https:\/\/mmassemblyline.de\/\"},{\"@type\":\"ListItem\",\"position\":2,\"name\":\"Premium Lamellendach in Frankfurt am Main\"}]},{\"@type\":\"WebSite\",\"@id\":\"https:\/\/mmassemblyline.de\/#website\",\"url\":\"https:\/\/mmassemblyline.de\/\",\"name\":\"Lamellend\u00e4cher & Terrassen\u00fcberdachungen | MMAssemblyLine.de\",\"description\":\"\",\"publisher\":{\"@id\":\"https:\/\/mmassemblyline.de\/#organization\"},\"potentialAction\":[{\"@type\":\"SearchAction\",\"target\":{\"@type\":\"EntryPoint\",\"urlTemplate\":\"https:\/\/mmassemblyline.de\/?s={search_term_string}\"},\"query-input\":{\"@type\":\"PropertyValueSpecification\",\"valueRequired\":true,\"valueName\":\"search_term_string\"}}],\"inLanguage\":\"en-US\"},{\"@type\":\"Organization\",\"@id\":\"https:\/\/mmassemblyline.de\/#organization\",\"name\":\"MMAssemblyLine\",\"url\":\"https:\/\/mmassemblyline.de\/\",\"logo\":{\"@type\":\"ImageObject\",\"inLanguage\":\"en-US\",\"@id\":\"https:\/\/mmassemblyline.de\/#\/schema\/logo\/image\/\",\"url\":\"https:\/\/mmassemblyline.de\/wp-content\/uploads\/2024\/11\/mmaluminiumsystems-logo-new-72-1.jpg\",\"contentUrl\":\"https:\/\/mmassemblyline.de\/wp-content\/uploads\/2024\/11\/mmaluminiumsystems-logo-new-72-1.jpg\",\"width\":500,\"height\":72,\"caption\":\"MMAssemblyLine\"},\"image\":{\"@id\":\"https:\/\/mmassemblyline.de\/#\/schema\/logo\/image\/\"},\"sameAs\":[\"https:\/\/www.facebook.com\/mmaluminiumsystems\/\",\"https:\/\/instagram.com\/mmaluminiumsystems\"]},{\"@type\":\"Person\",\"@id\":\"https:\/\/mmassemblyline.de\/#\/schema\/person\/df5fa635cb0fca3f2dda9717079c4930\",\"name\":\"admin\",\"image\":{\"@type\":\"ImageObject\",\"inLanguage\":\"en-US\",\"@id\":\"https:\/\/mmassemblyline.de\/#\/schema\/person\/image\/\",\"url\":\"https:\/\/secure.gravatar.com\/avatar\/8072b9c976df11ef54a89bde505e5f29?s=96&d=mm&r=g\",\"contentUrl\":\"https:\/\/secure.gravatar.com\/avatar\/8072b9c976df11ef54a89bde505e5f29?s=96&d=mm&r=g\",\"caption\":\"admin\"},\"sameAs\":[\"https:\/\/mmassemblyline.de\"],\"url\":\"https:\/\/mmassemblyline.de\/en\/author\/admin\/\"}]}<\/script>\n<!-- \/ Yoast SEO plugin. -->","yoast_head_json":{"title":"Premium Lamellendach in Frankfurt am Main - Lamellend\u00e4cher &amp; Terrassen\u00fcberdachungen | MMAssemblyLine","robots":{"index":"index","follow":"follow","max-snippet":"max-snippet:-1","max-image-preview":"max-image-preview:large","max-video-preview":"max-video-preview:-1"},"canonical":"https:\/\/mmassemblyline.de\/en\/premium-lamellendach-in-frankfurt-am-main\/","og_locale":"en_US","og_type":"article","og_title":"Premium Lamellendach in Frankfurt am Main - Lamellend\u00e4cher &amp; Terrassen\u00fcberdachungen | MMAssemblyLine","og_description":"Ein freistehendes Lamellendach mit 4 Pfosten. Das Gestell und die Lamellen wurden in RAL 7016 Feinstruktur beschichtet. LED Beleuchtung im Rahmen. Die Firma mm Assemblyline steht Ihnen jederzeit zur Verf\u00fcgung! Z\u00f6gern Sie nicht, uns f\u00fcr Fragen oder Anregungen zu kontaktieren. Wir freuen uns, Ihnen helfen zu k\u00f6nnen!","og_url":"https:\/\/mmassemblyline.de\/en\/premium-lamellendach-in-frankfurt-am-main\/","og_site_name":"Lamellend\u00e4cher &amp; Terrassen\u00fcberdachungen | MMAssemblyLine","article_publisher":"https:\/\/www.facebook.com\/mmaluminiumsystems\/","article_published_time":"2025-05-05T08:33:47+00:00","article_modified_time":"2025-05-05T08:33:48+00:00","og_image":[{"width":2048,"height":2048,"url":"https:\/\/mmassemblyline.de\/wp-content\/uploads\/2025\/05\/site-2.jpg","type":"image\/jpeg"}],"author":"admin","twitter_card":"summary_large_image","twitter_misc":{"Written by":"admin","Est. reading time":"1 minute"},"schema":{"@context":"https:\/\/schema.org","@graph":[{"@type":"Article","@id":"https:\/\/mmassemblyline.de\/premium-lamellendach-in-frankfurt-am-main\/#article","isPartOf":{"@id":"https:\/\/mmassemblyline.de\/premium-lamellendach-in-frankfurt-am-main\/"},"author":{"name":"admin","@id":"https:\/\/mmassemblyline.de\/#\/schema\/person\/df5fa635cb0fca3f2dda9717079c4930"},"headline":"Premium Lamellendach in Frankfurt am Main","datePublished":"2025-05-05T08:33:47+00:00","dateModified":"2025-05-05T08:33:48+00:00","mainEntityOfPage":{"@id":"https:\/\/mmassemblyline.de\/premium-lamellendach-in-frankfurt-am-main\/"},"wordCount":55,"publisher":{"@id":"https:\/\/mmassemblyline.de\/#organization"},"image":{"@id":"https:\/\/mmassemblyline.de\/premium-lamellendach-in-frankfurt-am-main\/#primaryimage"},"thumbnailUrl":"https:\/\/mmassemblyline.de\/wp-content\/uploads\/2025\/05\/site-2.jpg","articleSection":["Nachrichten"],"inLanguage":"en-US"},{"@type":"WebPage","@id":"https:\/\/mmassemblyline.de\/premium-lamellendach-in-frankfurt-am-main\/","url":"https:\/\/mmassemblyline.de\/premium-lamellendach-in-frankfurt-am-main\/","name":"Premium Lamellendach in Frankfurt am Main - Lamellend\u00e4cher &amp; Terrassen\u00fcberdachungen | MMAssemblyLine","isPartOf":{"@id":"https:\/\/mmassemblyline.de\/#website"},"primaryImageOfPage":{"@id":"https:\/\/mmassemblyline.de\/premium-lamellendach-in-frankfurt-am-main\/#primaryimage"},"image":{"@id":"https:\/\/mmassemblyline.de\/premium-lamellendach-in-frankfurt-am-main\/#primaryimage"},"thumbnailUrl":"https:\/\/mmassemblyline.de\/wp-content\/uploads\/2025\/05\/site-2.jpg","datePublished":"2025-05-05T08:33:47+00:00","dateModified":"2025-05-05T08:33:48+00:00","breadcrumb":{"@id":"https:\/\/mmassemblyline.de\/premium-lamellendach-in-frankfurt-am-main\/#breadcrumb"},"inLanguage":"en-US","potentialAction":[{"@type":"ReadAction","target":["https:\/\/mmassemblyline.de\/premium-lamellendach-in-frankfurt-am-main\/"]}]},{"@type":"ImageObject","inLanguage":"en-US","@id":"https:\/\/mmassemblyline.de\/premium-lamellendach-in-frankfurt-am-main\/#primaryimage","url":"https:\/\/mmassemblyline.de\/wp-content\/uploads\/2025\/05\/site-2.jpg","contentUrl":"https:\/\/mmassemblyline.de\/wp-content\/uploads\/2025\/05\/site-2.jpg","width":2048,"height":2048,"caption":"Premium!Pergola Pavillon Lamellendach Terrassen\u00fcberdachung Terrassendach"},{"@type":"BreadcrumbList","@id":"https:\/\/mmassemblyline.de\/premium-lamellendach-in-frankfurt-am-main\/#breadcrumb","itemListElement":[{"@type":"ListItem","position":1,"name":"Home","item":"https:\/\/mmassemblyline.de\/"},{"@type":"ListItem","position":2,"name":"Premium Lamellendach in Frankfurt am Main"}]},{"@type":"WebSite","@id":"https:\/\/mmassemblyline.de\/#website","url":"https:\/\/mmassemblyline.de\/","name":"Lamellend\u00e4cher & Terrassen\u00fcberdachungen | MMAssemblyLine.de","description":"","publisher":{"@id":"https:\/\/mmassemblyline.de\/#organization"},"potentialAction":[{"@type":"SearchAction","target":{"@type":"EntryPoint","urlTemplate":"https:\/\/mmassemblyline.de\/?s={search_term_string}"},"query-input":{"@type":"PropertyValueSpecification","valueRequired":true,"valueName":"search_term_string"}}],"inLanguage":"en-US"},{"@type":"Organization","@id":"https:\/\/mmassemblyline.de\/#organization","name":"MMAssemblyLine","url":"https:\/\/mmassemblyline.de\/","logo":{"@type":"ImageObject","inLanguage":"en-US","@id":"https:\/\/mmassemblyline.de\/#\/schema\/logo\/image\/","url":"https:\/\/mmassemblyline.de\/wp-content\/uploads\/2024\/11\/mmaluminiumsystems-logo-new-72-1.jpg","contentUrl":"https:\/\/mmassemblyline.de\/wp-content\/uploads\/2024\/11\/mmaluminiumsystems-logo-new-72-1.jpg","width":500,"height":72,"caption":"MMAssemblyLine"},"image":{"@id":"https:\/\/mmassemblyline.de\/#\/schema\/logo\/image\/"},"sameAs":["https:\/\/www.facebook.com\/mmaluminiumsystems\/","https:\/\/instagram.com\/mmaluminiumsystems"]},{"@type":"Person","@id":"https:\/\/mmassemblyline.de\/#\/schema\/person\/df5fa635cb0fca3f2dda9717079c4930","name":"admin","image":{"@type":"ImageObject","inLanguage":"en-US","@id":"https:\/\/mmassemblyline.de\/#\/schema\/person\/image\/","url":"https:\/\/secure.gravatar.com\/avatar\/8072b9c976df11ef54a89bde505e5f29?s=96&d=mm&r=g","contentUrl":"https:\/\/secure.gravatar.com\/avatar\/8072b9c976df11ef54a89bde505e5f29?s=96&d=mm&r=g","caption":"admin"},"sameAs":["https:\/\/mmassemblyline.de"],"url":"https:\/\/mmassemblyline.de\/en\/author\/admin\/"}]}},"_links":{"self":[{"href":"https:\/\/mmassemblyline.de\/en\/wp-json\/wp\/v2\/posts\/2972","targetHints":{"allow":["GET"]}}],"collection":[{"href":"https:\/\/mmassemblyline.de\/en\/wp-json\/wp\/v2\/posts"}],"about":[{"href":"https:\/\/mmassemblyline.de\/en\/wp-json\/wp\/v2\/types\/post"}],"author":[{"embeddable":true,"href":"https:\/\/mmassemblyline.de\/en\/wp-json\/wp\/v2\/users\/1"}],"replies":[{"embeddable":true,"href":"https:\/\/mmassemblyline.de\/en\/wp-json\/wp\/v2\/comments?post=2972"}],"version-history":[{"count":2,"href":"https:\/\/mmassemblyline.de\/en\/wp-json\/wp\/v2\/posts\/2972\/revisions"}],"predecessor-version":[{"id":2975,"href":"https:\/\/mmassemblyline.de\/en\/wp-json\/wp\/v2\/posts\/2972\/revisions\/2975"}],"wp:featuredmedia":[{"embeddable":true,"href":"https:\/\/mmassemblyline.de\/en\/wp-json\/wp\/v2\/media\/2973"}],"wp:attachment":[{"href":"https:\/\/mmassemblyline.de\/en\/wp-json\/wp\/v2\/media?parent=2972"}],"wp:term":[{"taxonomy":"category","embeddable":true,"href":"https:\/\/mmassemblyline.de\/en\/wp-json\/wp\/v2\/categories?post=2972"},{"taxonomy":"post_tag","embeddable":true,"href":"https:\/\/mmassemblyline.de\/en\/wp-json\/wp\/v2\/tags?post=2972"}],"curies":[{"name":"wp","href":"https:\/\/api.w.org\/{rel}","templated":true}]}}